{"id":10805,"date":"2026-07-01T11:24:57","date_gmt":"2026-07-01T10:24:57","guid":{"rendered":"https:\/\/www.gucecotedivoire.ci\/pwic\/?p=10805"},"modified":"2026-08-18T19:16:23","modified_gmt":"2026-08-18T18:16:23","slug":"khalil-konate-recoit-lambassadeur-du-qatar-en-cote-divoire","status":"publish","type":"post","link":"https:\/\/www.gucecotedivoire.ci\/pwic\/khalil-konate-recoit-lambassadeur-du-qatar-en-cote-divoire\/","title":{"rendered":"BUSINESS FORUM QATAR-AFRIQUE 2026 : 95 ENTREPRISES QATARIENNES ATTENDUES \u00c0 ABIDJAN"},"content":{"rendered":"\n<p class=\"wp-block-paragraph\">La C\u00f4te d&rsquo;Ivoire accueillera, les 2 et 3 novembre 2026 \u00e0 Abidjan, la 5\u1d49&nbsp;\u00e9dition du Business Forum Qatar-Afrique, un rendez-vous \u00e9conomique majeur qui r\u00e9unira 95 entreprises qatariennes, plus de 300 acteurs \u00e9conomiques, des investisseurs, des repr\u00e9sentants de la Banque mondiale ainsi que de grandes institutions internationales. Cette rencontre vise \u00e0 renforcer les \u00e9changes \u00e9conomiques, les investissements et les partenariats entre le Qatar et les pays africains.<\/p>\n\n\n\n<p class=\"wp-block-paragraph\">C&rsquo;est dans le cadre des pr\u00e9paratifs de cet important \u00e9v\u00e9nement que le ministre du Commerce, de l&rsquo;Industrie et de l&rsquo;Artisanat, Kalil Konat\u00e9, a re\u00e7u en audience, ce mercredi 1er juillet 2026, Son Excellence Mubarak Hussain Al Marri, Ambassadeur de l&rsquo;\u00c9tat du Qatar en C\u00f4te d&rsquo;Ivoire, accompagn\u00e9 du deuxi\u00e8me secr\u00e9taire de l&rsquo;ambassade, Rachid Al Meqareh.<\/p>\n\n\n\n<p class=\"wp-block-paragraph\">Au cours des \u00e9changes, l&rsquo;Ambassadeur a rappel\u00e9 que cette rencontre s&rsquo;inscrit dans la volont\u00e9 commune de renforcer les relations \u00e9conomiques entre la C\u00f4te d&rsquo;Ivoire et le Qatar. \u00ab <em>L&rsquo;ambassade est l\u00e0 pour renforcer les relations entre nos deux pays, notamment dans le domaine commercial. Malgr\u00e9 l&rsquo;excellence de nos relations diplomatiques, nous souhaitons accro\u00eetre le volume des \u00e9changes commerciaux entre nos \u00c9tats <\/em>\u00bb, a-t-il d\u00e9clar\u00e9. Il a \u00e9galement soulign\u00e9 que les deux pays disposent d\u00e9j\u00e0 d&rsquo;un solide cadre de coop\u00e9ration, marqu\u00e9 par l&rsquo;entr\u00e9e en vigueur, en 2021, d&rsquo;un protocole d&rsquo;accord \u00e9conomique, ainsi que par la signature, le 10 juin 2026, d&rsquo;un accord de non-double imposition fiscale destin\u00e9 \u00e0 favoriser les investissements et \u00e0 faciliter les \u00e9changes entre les op\u00e9rateurs \u00e9conomiques des deux pays.<\/p>\n\n\n\n<p class=\"wp-block-paragraph\">Le Business Forum Qatar-Afrique portera sur plusieurs secteurs strat\u00e9giques, notamment l&rsquo;agriculture, l&rsquo;agro-industrie, l&rsquo;industrie, les infrastructures, la logistique, les technologies, l&rsquo;innovation, l&rsquo;h\u00f4tellerie, l&rsquo;\u00e9conomie cr\u00e9ative, la mode, l&rsquo;artisanat, le cin\u00e9ma et les productions vivri\u00e8res. \u00c0 cette occasion, 95 entreprises qatariennes, des investisseurs de premier plan et plusieurs partenaires internationaux \u00e9changeront avec les acteurs \u00e9conomiques africains afin de d\u00e9velopper des partenariats durables et de cr\u00e9er de nouvelles opportunit\u00e9s d&rsquo;affaires.<\/p>\n\n\n\n<p class=\"wp-block-paragraph\">Se r\u00e9jouissant du choix port\u00e9 sur la C\u00f4te d&rsquo;Ivoire pour accueillir cette cinqui\u00e8me \u00e9dition, le ministre Kalil Konat\u00e9 a r\u00e9affirm\u00e9 la volont\u00e9 du Gouvernement de faire de ce forum un v\u00e9ritable levier de d\u00e9veloppement industriel. \u00ab <em>Nous mettrons tout en \u0153uvre pour que la C\u00f4te d&rsquo;Ivoire tire le meilleur profit de cet \u00e9v\u00e9nement. Notre ambition est de faire de notre pays un hub industriel en d\u00e9veloppant des zones \u00e9conomiques dans les 14 districts afin de transformer localement nos mati\u00e8res premi\u00e8res. J&rsquo;invite les entreprises qatariennes \u00e0 venir investir en C\u00f4te d&rsquo;Ivoire, une destination de choix pour les investisseurs <\/em>\u00bb, a indiqu\u00e9 le ministre, avant d&rsquo;assurer Son Excellence Mubarak Hussain Al Marri de la pleine mobilisation de ses \u00e9quipes pour garantir le succ\u00e8s de cet \u00e9v\u00e9nement, qui ouvrira de nouvelles perspectives de coop\u00e9ration \u00e9conomique et industrielle entre la C\u00f4te d&rsquo;Ivoire, le Qatar et l&rsquo;ensemble du continent africain.<\/p>\n\n\nngg_shortcode_0_placeholder\n\n\n\n<p class=\"wp-block-paragraph\"><\/p>\n","protected":false},"excerpt":{"rendered":"<p>La C\u00f4te d&rsquo;Ivoire accueillera, les 2 et 3 novembre 2026 \u00e0 Abidjan, la 5\u1d49&nbsp;\u00e9dition du Business Forum Qatar-Afrique, un rendez-vous \u00e9conomique majeur qui r\u00e9unira 95 entreprises qatariennes, plus de 300 acteurs \u00e9conomiques, des investisseurs, des repr\u00e9sentants de la Banque mondiale ainsi que de grandes institutions internationales. Cette rencontre vise \u00e0 renforcer les \u00e9changes \u00e9conomiques, les investissements et les partenariats entre le Qatar et les pays africains. C&rsquo;est dans le cadre des pr\u00e9paratifs de cet important \u00e9v\u00e9nement que le ministre du Commerce, de l&rsquo;Industrie et de l&rsquo;Artisanat, Kalil Konat\u00e9, a re\u00e7u en audience, ce mercredi 1er juillet 2026, Son Excellence Mubarak Hussain Al Marri, Ambassadeur de l&rsquo;\u00c9tat du Qatar en C\u00f4te d&rsquo;Ivoire, accompagn\u00e9 du deuxi\u00e8me secr\u00e9taire de l&rsquo;ambassade, Rachid Al Meqareh. Au cours des \u00e9changes, l&rsquo;Ambassadeur a rappel\u00e9 que cette rencontre s&rsquo;inscrit dans la volont\u00e9 commune de renforcer les relations \u00e9conomiques entre la C\u00f4te d&rsquo;Ivoire et le Qatar. \u00ab L&rsquo;ambassade est l\u00e0 pour renforcer les relations entre nos deux pays, notamment dans le domaine commercial. Malgr\u00e9 l&rsquo;excellence de nos relations diplomatiques, nous souhaitons accro\u00eetre le volume des \u00e9changes commerciaux entre nos \u00c9tats \u00bb, a-t-il d\u00e9clar\u00e9. Il a \u00e9galement soulign\u00e9 que les deux pays disposent d\u00e9j\u00e0 d&rsquo;un solide cadre de coop\u00e9ration, marqu\u00e9 par l&rsquo;entr\u00e9e en vigueur, en 2021, d&rsquo;un protocole d&rsquo;accord \u00e9conomique, ainsi que par la signature, le 10 juin 2026, d&rsquo;un accord de non-double imposition fiscale destin\u00e9 \u00e0 favoriser les investissements et \u00e0 faciliter les \u00e9changes entre les op\u00e9rateurs \u00e9conomiques des deux pays. Le Business Forum Qatar-Afrique portera sur plusieurs secteurs strat\u00e9giques, notamment l&rsquo;agriculture, l&rsquo;agro-industrie, l&rsquo;industrie, les infrastructures, la logistique, les technologies, l&rsquo;innovation, l&rsquo;h\u00f4tellerie, l&rsquo;\u00e9conomie cr\u00e9ative, la mode, l&rsquo;artisanat, le cin\u00e9ma et les productions vivri\u00e8res. \u00c0 cette occasion, 95 entreprises qatariennes, des investisseurs de premier plan et plusieurs partenaires internationaux \u00e9changeront avec les acteurs \u00e9conomiques africains afin de d\u00e9velopper des partenariats durables et de cr\u00e9er de nouvelles opportunit\u00e9s d&rsquo;affaires. Se r\u00e9jouissant du choix port\u00e9 sur la C\u00f4te d&rsquo;Ivoire pour accueillir cette cinqui\u00e8me \u00e9dition, le ministre Kalil Konat\u00e9 a r\u00e9affirm\u00e9 la volont\u00e9 du Gouvernement de faire de ce forum un v\u00e9ritable levier de d\u00e9veloppement industriel. \u00ab Nous mettrons tout en \u0153uvre pour que la C\u00f4te d&rsquo;Ivoire tire le meilleur profit de cet \u00e9v\u00e9nement. Notre ambition est de faire de notre pays un hub industriel en d\u00e9veloppant des zones \u00e9conomiques dans les 14 districts afin de transformer localement nos mati\u00e8res premi\u00e8res. J&rsquo;invite les entreprises qatariennes \u00e0 venir investir en C\u00f4te d&rsquo;Ivoire, une destination de choix pour les investisseurs \u00bb, a indiqu\u00e9 le ministre, avant d&rsquo;assurer Son Excellence Mubarak Hussain Al Marri de la pleine mobilisation de ses \u00e9quipes pour garantir le succ\u00e8s de cet \u00e9v\u00e9nement, qui ouvrira de nouvelles perspectives de coop\u00e9ration \u00e9conomique et industrielle entre la C\u00f4te d&rsquo;Ivoire, le Qatar et l&rsquo;ensemble du continent africain.<\/p>\n","protected":false},"author":4,"featured_media":10807,"comment_status":"closed","ping_status":"open","sticky":false,"template":"","format":"standard","meta":{"ngg_post_thumbnail":0,"footnotes":""},"categories":[85],"tags":[],"class_list":["post-10805","post","type-post","status-publish","format-standard","has-post-thumbnail","hentry","category-actualites"],"_links":{"self":[{"href":"https:\/\/www.gucecotedivoire.ci\/pwic\/wp-json\/wp\/v2\/posts\/10805","targetHints":{"allow":["GET"]}}],"collection":[{"href":"https:\/\/www.gucecotedivoire.ci\/pwic\/wp-json\/wp\/v2\/posts"}],"about":[{"href":"https:\/\/www.gucecotedivoire.ci\/pwic\/wp-json\/wp\/v2\/types\/post"}],"author":[{"embeddable":true,"href":"https:\/\/www.gucecotedivoire.ci\/pwic\/wp-json\/wp\/v2\/users\/4"}],"replies":[{"embeddable":true,"href":"https:\/\/www.gucecotedivoire.ci\/pwic\/wp-json\/wp\/v2\/comments?post=10805"}],"version-history":[{"count":3,"href":"https:\/\/www.gucecotedivoire.ci\/pwic\/wp-json\/wp\/v2\/posts\/10805\/revisions"}],"predecessor-version":[{"id":11373,"href":"https:\/\/www.gucecotedivoire.ci\/pwic\/wp-json\/wp\/v2\/posts\/10805\/revisions\/11373"}],"wp:featuredmedia":[{"embeddable":true,"href":"https:\/\/www.gucecotedivoire.ci\/pwic\/wp-json\/wp\/v2\/media\/10807"}],"wp:attachment":[{"href":"https:\/\/www.gucecotedivoire.ci\/pwic\/wp-json\/wp\/v2\/media?parent=10805"}],"wp:term":[{"taxonomy":"category","embeddable":true,"href":"https:\/\/www.gucecotedivoire.ci\/pwic\/wp-json\/wp\/v2\/categories?post=10805"},{"taxonomy":"post_tag","embeddable":true,"href":"https:\/\/www.gucecotedivoire.ci\/pwic\/wp-json\/wp\/v2\/tags?post=10805"}],"curies":[{"name":"wp","href":"https:\/\/api.w.org\/{rel}","templated":true}]}}